{"id":15282,"date":"2021-07-12T17:10:49","date_gmt":"2021-07-12T17:10:49","guid":{"rendered":"https:\/\/www.consultoriatt.com\/publicacion-itc-02-0-02\/"},"modified":"2026-01-07T10:21:34","modified_gmt":"2026-01-07T10:21:34","slug":"publicacion-itc-02-0-02","status":"publish","type":"post","link":"https:\/\/www.consultoriatt.com\/es\/publicacion-itc-02-0-02\/","title":{"rendered":"Publicaci\u00f3n ITC 02.0.02"},"content":{"rendered":"<div class=\"wpb-content-wrapper\">[vc_row css_animation=\u00bb\u00bb row_type=\u00bbrow\u00bb use_row_as_full_screen_section=\u00bbno\u00bb type=\u00bbfull_width\u00bb angled_section=\u00bbno\u00bb text_align=\u00bbleft\u00bb background_image_as_pattern=\u00bbwithout_pattern\u00bb][vc_column][vc_column_text]\r\n<h2><strong>ITC 02.0.02<\/strong><\/h2>\r\n[\/vc_column_text][\/vc_column][\/vc_row][vc_row css_animation=\u00bb\u00bb row_type=\u00bbrow\u00bb use_row_as_full_screen_section=\u00bbno\u00bb type=\u00bbfull_width\u00bb angled_section=\u00bbno\u00bb text_align=\u00bbleft\u00bb background_image_as_pattern=\u00bbwithout_pattern\u00bb][vc_column][vc_row_inner row_type=\u00bbrow\u00bb type=\u00bbfull_width\u00bb text_align=\u00bbleft\u00bb css_animation=\u00bb\u00bb][vc_column_inner width=\u00bb3\/4&#8243;][vc_column_text]\r\nEl pasado 9 de julio y con la referencia ITC 02.0.02 aparece publicado en el BOE la actualizaci\u00f3n de la ITC <!--more-->relativa a la \u00abProtecci\u00f3n de los trabajadores contra el riesgo por inhalaci\u00f3n de polvo y s\u00edlice cristalina respirables\u00bb, del Reglamento General de Normas B\u00e1sicas de Seguridad Minera mediante la Orden TED \/ 723\/2021, de 1 de julio. Esta tan esperada actualizaci\u00f3n ha llegado para poner al d\u00eda la normativa minera de control de la SCR en virtud de la categor\u00eda que se le otorg\u00f3 como sustancia carcin\u00f3gena el pasado diciembre por el Real Decreto 1154\/2020.\r\n\r\nLas modificaciones sufridas son importantes, contin\u00fae leyendo para aprender c\u00f3mo afecta la actualizaci\u00f3n de esta Instrucci\u00f3n T\u00e9cnica Complementaria a su actividad.[\/vc_column_text][vc_empty_space height=\u00bb25&#8243;][\/vc_column_inner][vc_column_inner width=\u00bb1\/4&#8243;][vc_single_image image=\u00bb15242&#8243; img_size=\u00bb200&#215;200&#8243; qode_css_animation=\u00bb\u00bb][vc_empty_space height=\u00bb25&#8243;][\/vc_column_inner][\/vc_row_inner][vc_column_text css=\u00bb\u00bb]\r\n<h3 style=\"text-align: justify;\">Modificaciones de la ITC 02.0.02<\/h3>\r\n&nbsp;\r\n<ol>\r\n \t<li style=\"list-style-type: none;\">\r\n<ol>\r\n \t<li style=\"list-style-type: none;\">\r\n<ol>\r\n \t<li style=\"text-align: justify;\">Cambios en el concepto, es decir, cambios que son el origen de la modificaci\u00f3n. Por aplicaci\u00f3n del Real Decreto 1154\/2020 el polvo de s\u00edlice adquiere el rango de sustancia cancer\u00edgena \u00a0por lo que cambia el marco legal que hay que aplicarle aconteciendo ahora el RD 665\/1997 como la norma de referencia.<\/li>\r\n \t<li style=\"text-align: justify;\">Cambios en el \u00edndice de la ITC y el contenido. Lo m\u00e1s evidente es que desaparecen las medidas t\u00e9cnicas de prevenci\u00f3n propuestas en la versi\u00f3n del a\u00f1o 2007 y la actualizaci\u00f3n solo hace referencia a las medidas del art\u00edculo 5 del RD 665\/97. A\u00f1ade pero que habr\u00e1 que hacer uso de las mejores t\u00e9cnicas disponibles. (V\u00e9ase contenido <a href=\"https:\/\/www.consultoriatt.com\/wp-admin\/admin.php?page=wpml-translation-management%2Fmenu%2Ftranslations-queue.php&amp;return_url=%2Fwp-admin%2Fedit.php&amp;trid=97274&amp;language_code=es&amp;source_language_code=ca#art5rd6651997\">art\u00edculo 5 del RD 665\/1997<\/a> al pie)<\/li>\r\n \t<li>Aparece, dentro de la redacci\u00f3n del art\u00edculo 3, la obligatoriedad de revisar la evaluaci\u00f3n de riesgos cada 3 a\u00f1os.<\/li>\r\n \t<li style=\"text-align: justify;\">Se elimina la posibilidad de reducir los controles peri\u00f3dicos de 3 a 1 anual si los resultados que se obtienen son inferiores a los l\u00edmites marcados por VLAED.<\/li>\r\n \t<li style=\"text-align: justify;\">Cambia el VLAED de la fracci\u00f3n respirable de s\u00edlice (SCR) que disminuye hasta 0,05 mg \/ m3 por jornada laboral.<\/li>\r\n \t<li style=\"text-align: justify;\">A pesar de que el INS ya hab\u00eda ofrecido su experiencia (de acuerdo con las exigencias que hace la Ley 31\/95 de PRL\u00a0a la administraci\u00f3n) en el campo de la SCR en forma de gu\u00edas, ahora, la nueva ITC 02.0.02 encarga de forma expl\u00edcita en el Instituto Nacional de Silicosis la preparaci\u00f3n y mantenimiento de una gu\u00eda para la prevenci\u00f3n de los riesgos derivados de la inhalaci\u00f3n de polvo de s\u00edlice cristalina con unos contenidos m\u00ednimos.<\/li>\r\n \t<li style=\"text-align: justify;\">Documentaci\u00f3n. Desaparecen los planes previstos en 2007 y ahora \u00a0la ITC dirige al lector al art\u00edculo 9 del RD 665\/997. En este caso la documentaci\u00f3n que hay que a\u00f1adir y mantener con las fichas de cada trabajador y los expedientes m\u00e9dicos es: (ver contenido <a href=\"https:\/\/www.consultoriatt.com\/wp-admin\/admin.php?page=wpml-translation-management%2Fmenu%2Ftranslations-queue.php&amp;return_url=%2Fwp-admin%2Fedit.php&amp;trid=97274&amp;language_code=es&amp;source_language_code=ca#art9rd6651997\">art\u00edculo 9 del RD 665\/1997<\/a> al pie)<\/li>\r\n \t<li style=\"text-align: justify;\">Formaci\u00f3n. M\u00e1s all\u00e1 de la exigencia m\u00ednima inicial, con la actualizaci\u00f3n del texto legal la formaci\u00f3n adquiere el car\u00e1cter de peri\u00f3dica con una frecuencia m\u00ednima anual o <em>cuando sea necesario<\/em> de acuerdo con el art\u00edculo 10. Se a\u00f1aden a los contenidos la realizaci\u00f3n de pruebas pr\u00e1cticas de ajuste cuantitativo de los equipos de protecci\u00f3n respiratoria de acuerdo con la UNE EN 529.<\/li>\r\n \t<li style=\"text-align: justify;\">Medidas de protecci\u00f3n. Se a\u00f1ade un requisito relativo a la eficiencia de los equipos filtrantes con la exigencia de que el titular garantice la estanqueidad sobre la cara del portador.<\/li>\r\n \t<li style=\"text-align: justify;\">Ficha de toma de muestras. Ha variado ligeramente con la incorporaci\u00f3n de campos informativos relativos a las condiciones de toma de muestra que ya con la anterior ITC hab\u00eda que tener en consideraci\u00f3n.<\/li>\r\n<\/ol>\r\n<\/li>\r\n<\/ol>\r\n<\/li>\r\n<\/ol>\r\n[\/vc_column_text][vc_empty_space height=\u00bb25&#8243;][\/vc_column][\/vc_row][vc_row css_animation=\u00bb\u00bb row_type=\u00bbrow\u00bb use_row_as_full_screen_section=\u00bbno\u00bb type=\u00bbfull_width\u00bb angled_section=\u00bbno\u00bb text_align=\u00bbleft\u00bb background_image_as_pattern=\u00bbwithout_pattern\u00bb content_placement=\u00bbmiddle\u00bb css=\u00bb.vc_custom_1626375155245{padding-top: 20px !important;padding-right: 100px !important;padding-bottom: 20px !important;padding-left: 100px !important;background-color: #e0c128 !important;}\u00bb][vc_column][vc_column_text css=\u00bb\u00bb]Consulte aqu\u00ed o en la <a href=\"https:\/\/www.consultoriatt.com\/calendar\/calendario-de-formacion\/?lang=es\">agenda<\/a> de CTF los servicios que le podemos ofrecer.\r\n<ul>\r\n \t<li style=\"list-style-type: none;\">\r\n<ul>\r\n \t<li style=\"list-style-type: none;\">\r\n<ul>\r\n \t<li>Formaci\u00f3n de SCR por el personal expuesto a polvo de s\u00edlice cristalino respirable.<\/li>\r\n \t<li>Habilitaci\u00f3n a trav\u00e9s de la formaci\u00f3n inicial o de reciclaje, te\u00f3rica y pr\u00e1ctica, de prevenci\u00f3n por los puestos de trabajo en miner\u00eda de acuerdo con la ITC 02.1.02.<\/li>\r\n \t<li>Formaci\u00f3n en gesti\u00f3n de emergencias (consulte a <a href=\"mailto:info@consultoriatt.com\">info@consultoriatt.com<\/a> seg\u00fan sus necesidades)<\/li>\r\n \t<li>Formaci\u00f3n de prevenci\u00f3n de riesgos laborales (consultar a <a href=\"mailto:info@consultoriatt.com\">info@consultoriatt.com<\/a> seg\u00fan sus necesidades)<\/li>\r\n<\/ul>\r\n<\/li>\r\n<\/ul>\r\n<\/li>\r\n<\/ul>\r\n[\/vc_column_text][vc_empty_space height=\u00bb25&#8243;][\/vc_column][\/vc_row][vc_row css_animation=\u00bb\u00bb row_type=\u00bbrow\u00bb use_row_as_full_screen_section=\u00bbno\u00bb type=\u00bbfull_width\u00bb angled_section=\u00bbno\u00bb text_align=\u00bbleft\u00bb background_image_as_pattern=\u00bbwithout_pattern\u00bb css=\u00bb.vc_custom_1626369747008{padding-top: 20px !important;padding-bottom: 20px !important;}\u00bb][vc_column][vc_column_text css=\u00bb\u00bb]\r\n<p style=\"text-align: justify;\">Consulte aqu\u00ed el <a href=\"https:\/\/www.boe.es\/boe\/dias\/2021\/07\/09\/pdfs\/BOE-A-2021-11458.pdf\" target=\"_blank\" rel=\"noopener\">texto legal<\/a>.<\/p>\r\n<p style=\"text-align: justify;\">Textos derogados:<\/p>\r\n\r\n<ul>\r\n \t<li style=\"list-style-type: none;\">\r\n<ul>\r\n \t<li style=\"list-style-type: none;\">\r\n<ul class=\"bullet-boe\">\r\n \t<li style=\"text-align: justify;\">ITC 04.8.01 de la Orden de 13 de setiembre de 1985 (Ref. <a href=\"https:\/\/www.boe.es\/buscar\/doc.php?id=BOE-A-1985-19595\" target=\"_blank\" rel=\"noopener\">BOE-A-1985-19595<\/a>).\u00a0Pols en mineria de interior.<\/li>\r\n \t<li style=\"text-align: justify;\">Orden ITC\/2585\/2007, de 30 de agosto (Ref. <a href=\"https:\/\/www.boe.es\/buscar\/doc.php?id=BOE-A-2007-16041\" target=\"_blank\" rel=\"noopener\">BOE-A-2007-16041<\/a>). S\u00edlice respirable.<\/li>\r\n \t<li style=\"text-align: justify;\">Orden ITC\/933\/2011, de 5 de abril (Ref. <a href=\"https:\/\/www.boe.es\/buscar\/doc.php?id=BOE-A-2011-6860\" target=\"_blank\" rel=\"noopener\">BOE-A-2011-6860<\/a>). Sals solubles.<\/li>\r\n<\/ul>\r\n<\/li>\r\n<\/ul>\r\n<\/li>\r\n<\/ul>\r\n<!-- \/wp:post-content -->[\/vc_column_text][vc_empty_space height=\u00bb25&#8243;][\/vc_column][\/vc_row][vc_row css_animation=\u00bb\u00bb row_type=\u00bbrow\u00bb use_row_as_full_screen_section=\u00bbno\u00bb type=\u00bbfull_width\u00bb angled_section=\u00bbno\u00bb text_align=\u00bbleft\u00bb background_image_as_pattern=\u00bbwithout_pattern\u00bb el_id=\u00bbart5rd6651997&#8243;][vc_column][vc_column_text css=\u00bb\u00bb]\r\n<h2 style=\"text-align: justify;\"><em>RD 665\/1997<\/em><\/h2>\r\n<h3 style=\"text-align: justify;\">Article 5.\u00a0Prevenci\u00f3n y reducci\u00f3n de la exposici\u00f3n.<\/h3>\r\n&nbsp;\r\n<ol>\r\n \t<li style=\"list-style-type: none;\">\r\n<ol>\r\n \t<li class=\"parrafo\">Si los resultados de la evaluaci\u00f3n a la que se refiere el art\u00edculo 3 del presente Real Decreto pusieran de manifiesto un riesgo para la seguridad o la salud de los trabajadores por exposici\u00f3n a agentes cancer\u00edgenos, deber\u00e1 evitarse dicha exposici\u00f3n y programar su sustituci\u00f3n de conformidad con lo dispuesto en el ar t\u00edculo 4.<\/li>\r\n \t<li class=\"parrafo\">En caso de que no sea t\u00e9cnicamente posible sustituir el agente cancer\u00edgeno o mut\u00e1geno, el empresario garantizar\u00e1 que la producci\u00f3n y utilizaci\u00f3n del mismo se lleven a cabo en un sistema cerrado.<\/li>\r\n \t<li class=\"parrafo\">Cuando la aplicaci\u00f3n de un sistema cerrado no sea t\u00e9cnicamente posible, el empresario garantizar\u00e1 que el nivel de exposici\u00f3n de los trabajadores se reduzca a un valor tan bajo como sea t\u00e9cnicamente posible.<\/li>\r\n \t<li class=\"parrafo\">La exposici\u00f3n no superar\u00e1 el valor l\u00edmite de los agentes cancer\u00edgenos establecido en el anexo III del presente Real Decreto. En todo caso, la no superaci\u00f3n del valor l\u00edmite no eximir\u00e1 del cumplimiento de lo dispuesto en el apartado anterior.<\/li>\r\n \t<li class=\"parrafo\">\u00a0Siempre que se utilice un agente cancer\u00edgeno, el empresario aplicar\u00e1 todas las medidas necesarias siguientes:\r\n<ol>\r\n \t<li class=\"parrafo_2\">Limitar las cantidades del agente cancer\u00edgeno o mut\u00e1geno en el lugar de trabajo.<\/li>\r\n \t<li class=\"parrafo\">Dise\u00f1ar los procesos de trabajo y las medidas t\u00e9cnicas con el objeto de evitar o reducir al m\u00ednimo la formaci\u00f3n de agentes cancer\u00edgenos.<\/li>\r\n \t<li class=\"parrafo\">Limitar al menor n\u00famero posible los trabajadores expuestos o que puedan estarlo.<\/li>\r\n \t<li class=\"parrafo\">Evacuar los agentes cancer\u00edgenos en origen, mediante extracci\u00f3n localizada o, cuando ello no sea t\u00e9cnicamente posible, por ventilaci\u00f3n general, en condiciones que no supongan un riesgo para la salud p\u00fablica y el medio ambiente.<\/li>\r\n \t<li class=\"parrafo\">Utilizar los m\u00e9todos de medici\u00f3n m\u00e1s adecuados, en particular para una detecci\u00f3n inmediata de exposiciones anormales debidas a imprevistos o accidentes.<\/li>\r\n \t<li class=\"parrafo\">Aplicar los procedimientos y m\u00e9todos de trabajo m\u00e1s adecuados.<\/li>\r\n \t<li class=\"parrafo\">Adoptar medidas de protecci\u00f3n colectiva o, cuando la exposici\u00f3n no pueda evitarse por otros medios, medidas individuales de protecci\u00f3n.<\/li>\r\n \t<li class=\"parrafo\">Adoptar medidas higi\u00e9nicas, en particular la limpieza regular de suelos, paredes y dem\u00e1s superficies.<\/li>\r\n \t<li class=\"parrafo\">Delimitar las zonas de riesgo, estableciendo una se\u00f1alizaci\u00f3n de seguridad y salud adecuada, que incluya la prohibici\u00f3n de fumar en dichas zonas, y permitir el acceso a las mismas s\u00f3lo al personal que deba operar en ellas, excluyendo a los trabajadores especialmente sensibles a estos riesgos.<\/li>\r\n \t<li class=\"parrafo\">Velar para que todos los recipientes, envases e instalaciones que contengan agentes cancer\u00edgenos est\u00e9n etiquetados de manera clara y legible y colocar se\u00f1ales de peligro claramente visibles, de conformidad todo ello con la normativa vigente en la materia.<\/li>\r\n \t<li class=\"parrafo\">Instalar dispositivos de alerta para los casos de emergencia que puedan ocasionar exposiciones anormalmente altas.<\/li>\r\n \t<li class=\"parrafo\">Disponer de medios que permitan el almacenamiento, manipulaci\u00f3n y transporte seguros de los agentes cancer\u00edgenos, as\u00ed como para la recogida, almacenamiento y eliminaci\u00f3n de residuos, en particular mediante la utilizaci\u00f3n de recipientes herm\u00e9ticos etiquetados de manera clara, inequ\u00edvoca y legible, y colocar se\u00f1ales de peligro claramente visibles, de conformidad todo ello con la normativa vigente en la materia.<\/li>\r\n<\/ol>\r\n<\/li>\r\n<\/ol>\r\n<\/li>\r\n<\/ol>\r\n[\/vc_column_text][vc_empty_space height=\u00bb25&#8243;][\/vc_column][\/vc_row][vc_row css_animation=\u00bb\u00bb row_type=\u00bbrow\u00bb use_row_as_full_screen_section=\u00bbno\u00bb type=\u00bbfull_width\u00bb angled_section=\u00bbno\u00bb text_align=\u00bbleft\u00bb background_image_as_pattern=\u00bbwithout_pattern\u00bb el_id=\u00bbart9rd6651997&#8243;][vc_column][vc_column_text css=\u00bb\u00bb]\r\n<h2 style=\"text-align: justify;\"><em>RD 665\/1997<\/em><\/h2>\r\n<h3 style=\"text-align: justify;\">Articulo 9. Documentaci\u00f3n<\/h3>\r\n&nbsp;\r\n<ol>\r\n \t<li style=\"list-style-type: none;\">\r\n<ol>\r\n \t<li style=\"text-align: justify;\">El empresario est\u00e1 obligado a disponer de:\r\n<ol>\r\n \t<li style=\"text-align: justify;\">La documentaci\u00f3n sobre los resultados de la evaluaci\u00f3n a que se refiere el art\u00edculo 3, as\u00ed como los criterios y procedimientos de evaluaci\u00f3n y los m\u00e9todos de medici\u00f3n, an\u00e1lisis o ensayo utilizados.<\/li>\r\n \t<li style=\"text-align: justify;\">Una lista actualizada de los trabajadores encargados de realizar las actividades respecto a las que los resultados de las evaluaciones mencionadas en el art\u00edculo 3 revelen alg\u00fan riesgo para la seguridad o la salud de los trabajadores, indicando la exposici\u00f3n a la que hayan sido sometidos a la empresa.<\/li>\r\n<\/ol>\r\n<\/li>\r\n \t<li style=\"text-align: justify;\">El empresario adoptar\u00e1 las medidas necesarias para la conservaci\u00f3n de los historiales m\u00e9dicos individuales previstos en el apartado 3 del art\u00edculo 8 de este real decreto, sin perjuicio de lo dispuesto en el art\u00edculo 22 de la Ley de Prevenci\u00f3n de Riesgos laborales.<\/li>\r\n \t<li style=\"text-align: justify;\">Tanto la lista mencionada en el apartado 1 anterior como los historiales m\u00e9dicos mencionados en el apartado 2 se conservar\u00e1n durante cuarenta a\u00f1os despu\u00e9s de terminada la exposici\u00f3n, remiti\u00e9ndose a la autoridad laboral en caso de que la empresa cese en su actividad antes de dicho plazo. Los historiales m\u00e9dicos ser\u00e1n remitidos por la autoridad laboral a la sanitaria, que los conservar\u00e1, garantizando en todo caso la confidencialidad de la informaci\u00f3n que contienen. En ning\u00fan caso la autoridad laboral conservar\u00e1 copia de los citados historiales.<\/li>\r\n \t<li style=\"text-align: justify;\">El tratamiento de datos personales s\u00f3lo podr\u00e1 realizarse en los t\u00e9rminos previstos en la normativa de protecci\u00f3n de datos de car\u00e1cter personal.<\/li>\r\n<\/ol>\r\n<\/li>\r\n<\/ol>\r\n[\/vc_column_text][\/vc_column][\/vc_row]<!-- \/wp:freeform --><\/div>","protected":false},"excerpt":{"rendered":"<p>[vc_row css_animation=\u00bb\u00bb row_type=\u00bbrow\u00bb use_row_as_full_screen_section=\u00bbno\u00bb type=\u00bbfull_width\u00bb angled_section=\u00bbno\u00bb text_align=\u00bbleft\u00bb background_image_as_pattern=\u00bbwithout_pattern\u00bb][vc_column][vc_column_text] ITC 02.0.02 [\/vc_column_text][\/vc_column][\/vc_row][vc_row css_animation=\u00bb\u00bb row_type=\u00bbrow\u00bb use_row_as_full_screen_section=\u00bbno\u00bb type=\u00bbfull_width\u00bb angled_section=\u00bbno\u00bb text_align=\u00bbleft\u00bb background_image_as_pattern=\u00bbwithout_pattern\u00bb][vc_column][vc_row_inner row_type=\u00bbrow\u00bb type=\u00bbfull_width\u00bb text_align=\u00bbleft\u00bb css_animation=\u00bb\u00bb][vc_column_inner width=\u00bb3\/4&#8243;][vc_column_text] El pasado 9 de julio y con la referencia ITC 02.0.02 aparece publicado en el BOE la actualizaci\u00f3n de la ITC<\/p>\n","protected":false},"author":1,"featured_media":15247,"comment_status":"open","ping_status":"open","sticky":false,"template":"","format":"standard","meta":{"footnotes":""},"categories":[961,771,962],"tags":[971,967,974,975,966,972,973,963,969,964,965,968,970],"class_list":["post-15282","post","type-post","status-publish","format-standard","has-post-thumbnail","hentry","category-itc-02-0-02-es","category-mineria-sostenible-es","category-prevencion","tag-cristobalita-es","tag-dioxido-de-silicio","tag-ins-es","tag-instituto-nacional-de-silicosis-es","tag-itc-02-0-02-es","tag-itc-02-0-03-es","tag-itc-04-8-01-es","tag-polvo","tag-quarzo","tag-scr-es","tag-silice-es","tag-sio2-es","tag-tridimita-es"],"_links":{"self":[{"href":"https:\/\/www.consultoriatt.com\/es\/wp-json\/wp\/v2\/posts\/15282","targetHints":{"allow":["GET"]}}],"collection":[{"href":"https:\/\/www.consultoriatt.com\/es\/wp-json\/wp\/v2\/posts"}],"about":[{"href":"https:\/\/www.consultoriatt.com\/es\/wp-json\/wp\/v2\/types\/post"}],"author":[{"embeddable":true,"href":"https:\/\/www.consultoriatt.com\/es\/wp-json\/wp\/v2\/users\/1"}],"replies":[{"embeddable":true,"href":"https:\/\/www.consultoriatt.com\/es\/wp-json\/wp\/v2\/comments?post=15282"}],"version-history":[{"count":13,"href":"https:\/\/www.consultoriatt.com\/es\/wp-json\/wp\/v2\/posts\/15282\/revisions"}],"predecessor-version":[{"id":16999,"href":"https:\/\/www.consultoriatt.com\/es\/wp-json\/wp\/v2\/posts\/15282\/revisions\/16999"}],"wp:featuredmedia":[{"embeddable":true,"href":"https:\/\/www.consultoriatt.com\/es\/wp-json\/wp\/v2\/media\/15247"}],"wp:attachment":[{"href":"https:\/\/www.consultoriatt.com\/es\/wp-json\/wp\/v2\/media?parent=15282"}],"wp:term":[{"taxonomy":"category","embeddable":true,"href":"https:\/\/www.consultoriatt.com\/es\/wp-json\/wp\/v2\/categories?post=15282"},{"taxonomy":"post_tag","embeddable":true,"href":"https:\/\/www.consultoriatt.com\/es\/wp-json\/wp\/v2\/tags?post=15282"}],"curies":[{"name":"wp","href":"https:\/\/api.w.org\/{rel}","templated":true}]}}